{"id":6497,"date":"2018-11-21T09:46:29","date_gmt":"2018-11-21T08:46:29","guid":{"rendered":"http:\/\/www.lspap.fr\/?p=6497"},"modified":"2019-10-11T08:07:11","modified_gmt":"2019-10-11T07:07:11","slug":"week-end-a-munster-4-au-6-octobre-2019-2","status":"publish","type":"post","link":"https:\/\/www.lspap.fr\/?p=6497","title":{"rendered":"Week-end \u00e0 MUNSTER &#8211; 4 au 6 octobre 2019 (complet)"},"content":{"rendered":"<p class=\"yiv8722345744gmail-MsoListNumber\"><span style=\"font-family: verdana, sans-serif;\"><b style=\"font-family: verdana, sans-serif;\">Week-end du 4 au 6 octobre 2019 &#8211; ce s\u00e9jour est complet.<\/b><\/span><\/p>\n<p class=\"yiv8722345744gmail-MsoListNumber\"><span style=\"font-family: verdana, sans-serif;\"><b>Lieu\u00a0: MUNSTER\u00a0(68)<\/b><\/span><\/p>\n<p class=\"yiv8722345744MsoNormal\"><span style=\"color: #000000; font-family: verdana, sans-serif; font-size: xx-small;\"><b>N&rsquo;h\u00e9sitez pas \u00e0 vous inscrire rapidement ; les personnes qui ont d\u00e9j\u00e0 re\u00e7u la confirmation de leur inscription n&rsquo;ont plus besoin de s&rsquo;inscrire.<\/b><\/span><\/p>\n<p class=\"yiv8722345744gmail-MsoListNumber\"><span style=\"font-family: verdana, sans-serif; font-size: xx-small;\">Munster (environ 5000 habitants) est situ\u00e9e au c\u0153ur de l\u2019Alsace et de l\u2019une des plus grandes et belles vall\u00e9es du versant alsacien des Hautes-Vosges.<\/span><\/p>\n<p class=\"yiv8722345744gmail-MsoListNumber\"><span style=\"font-family: verdana, sans-serif;\"><u><b>Paysages<\/b><\/u><\/span><\/p>\n<p class=\"yiv8722345744MsoNormal\"><span style=\"font-family: verdana, sans-serif; font-size: xx-small;\">Situ\u00e9e au c\u0153ur des Hautes Vosges alsaciennes et du Parc Naturel R\u00e9gional des Ballons des Vosges, la vall\u00e9e de Munster est certainement une des plus pittoresques du massif. Elle m\u00e9rite cette renomm\u00e9e avant tout gr\u00e2ce \u00e0 la beaut\u00e9 de ses sites et\u00a0au caract\u00e8re alpestre.<br \/>\nFortement marqu\u00e9e par une pr\u00e9sence humaine ancienne, l\u2019histoire de la montagne vosgienne est intimement li\u00e9e \u00e0 son patrimoine naturel et aux ressources qu\u2019il procure. En effet, le massif est un territoire vivant, dont l\u2019homme a su tr\u00e8s t\u00f4t exploiter l\u2019eau, le bois, la pierre et le sous-sol pour d\u00e9velopper l\u2019industrie et l\u2019artisanat. Il est \u00e9galement l\u2019h\u00e9ritier d\u2019une histoire mouvement\u00e9e li\u00e9e aux conflits mondiaux.<br \/>\nLa vall\u00e9e de Munster est empreinte d\u2019une forte tradition agricole, aux savoir-faire anciens, qui se perp\u00e9tuent encore aujourd\u2019hui et contribuent \u00e0 la renomm\u00e9e du territoire.<\/span><\/p>\n<p class=\"yiv8722345744gmail-MsoListNumber\"><span style=\"font-family: verdana, sans-serif; font-size: xx-small;\">\u00a0<\/span><img loading=\"lazy\" decoding=\"async\" src=\"https:\/\/apis.mail.yahoo.com\/ws\/v3\/mailboxes\/@.id==VjN-n1wpK8voQNBYjt5JuFAi-U0WBd_AmkjgSDCBw8OcayuaD5ffWZ8odhkxAqGK7LoKaNa8mUU7YzpwwJ-afBv84Q\/messages\/@.id==ACGs0bRDWVH4W_RGzgb5KDAgf8A\/content\/parts\/@.id==2\/thumbnail?appId=YMailNorrin&amp;downloadWhenThumbnailFails=true&amp;pid=2\" alt=\"image.png\" width=\"316\" height=\"203\" \/><\/p>\n<p><span style=\"font-family: verdana, sans-serif; font-size: xx-small;\"><img loading=\"lazy\" decoding=\"async\" src=\"https:\/\/apis.mail.yahoo.com\/ws\/v3\/mailboxes\/@.id==VjN-n1wpK8voQNBYjt5JuFAi-U0WBd_AmkjgSDCBw8OcayuaD5ffWZ8odhkxAqGK7LoKaNa8mUU7YzpwwJ-afBv84Q\/messages\/@.id==ACGs0bRDWVH4W_RGzgb5KDAgf8A\/content\/parts\/@.id==3\/thumbnail?appId=YMailNorrin&amp;downloadWhenThumbnailFails=true&amp;pid=3\" alt=\"image.png\" width=\"300\" height=\"201\" \/><br \/>\n<\/span><\/p>\n<p><span style=\"font-family: verdana, sans-serif; font-size: xx-small;\"><img loading=\"lazy\" decoding=\"async\" src=\"https:\/\/apis.mail.yahoo.com\/ws\/v3\/mailboxes\/@.id==VjN-n1wpK8voQNBYjt5JuFAi-U0WBd_AmkjgSDCBw8OcayuaD5ffWZ8odhkxAqGK7LoKaNa8mUU7YzpwwJ-afBv84Q\/messages\/@.id==ACGs0bRDWVH4W_RGzgb5KDAgf8A\/content\/parts\/@.id==4\/thumbnail?appId=YMailNorrin&amp;downloadWhenThumbnailFails=true&amp;pid=4\" alt=\"image.png\" width=\"306\" height=\"192\" \/><br \/>\n<\/span><\/p>\n<p><strong><span style=\"font-family: verdana, sans-serif;\"><span style=\"font-size: small;\"><u>Notre H\u00f4tel<\/u><\/span><\/span><\/strong><\/p>\n<p class=\"yiv8722345744MsoNormal\"><i><span style=\"font-family: verdana, sans-serif; font-size: xx-small;\">Le Grand H\u00f4tel<br \/>\n<\/span><\/i><i><span style=\"font-family: verdana, sans-serif; font-size: xx-small;\">1 rue de la Gare<br \/>\n<\/span><\/i><i><span style=\"font-family: verdana, sans-serif; font-size: xx-small;\">68140 MUNSTER<\/span><\/i><\/p>\n<p class=\"yiv8722345744gmail-m-4682199054436677966gmail-yiv3919676216gmail-m7612362853278232561m7616060152911648905m3736023035606369210m-6861303276695093989m-163070401895104785gmail-m6037184057762618069m350988502572702550m-4873427392598221733gmail-m-9120804251771764767gmail-m-7845\"><u><span style=\"font-family: verdana, sans-serif;\"><b>Tarif<\/b><\/span><\/u><\/p>\n<p class=\"yiv8722345744gmail-m-4682199054436677966gmail-yiv3919676216gmail-m7612362853278232561m7616060152911648905m3736023035606369210m-6861303276695093989m-163070401895104785gmail-m6037184057762618069m350988502572702550m-4873427392598221733gmail-m-9120804251771764767gmail-m-7845\"><span style=\"font-family: verdana, sans-serif; font-size: xx-small;\"><u>\u00a0En demi-pension<\/u>\u00a0: 100 \u20ac \/ pers \/ pour le WE de 2 nuits en chambre double<\/span><\/p>\n<p class=\"yiv8722345744gmail-m-4682199054436677966gmail-yiv3919676216gmail-m7612362853278232561m7616060152911648905m3736023035606369210m-6861303276695093989m-163070401895104785gmail-m6037184057762618069m350988502572702550m-4873427392598221733gmail-m-9120804251771764767gmail-m-7845\"><span style=\"font-family: verdana, sans-serif; font-size: xx-small;\">&#8211;\u00a0<u>Suppl\u00e9ment<\/u>\u00a0chambre individuelle : 45 \u20ac \/ pour le WE de 2 nuits<\/span><\/p>\n<p class=\"yiv8722345744gmail-m-4682199054436677966gmail-yiv3919676216gmail-m7612362853278232561m7616060152911648905m3736023035606369210m-6861303276695093989m-163070401895104785gmail-m6037184057762618069m350988502572702550m-4873427392598221733gmail-m-9120804251771764767gmail-m-7845\"><span style=\"font-family: verdana, sans-serif; font-size: xx-small;\">&#8211; Acc\u00e8s gratuit au\u00a0<u>nouvel espace d\u00e9tente<\/u>\u00a0(hammam, sauna infrarouge et bain\u00a0bouillonnant)<\/span><\/p>\n<p>&nbsp;<\/p>\n<p class=\"yiv8722345744MsoNormal\"><u><span style=\"font-family: verdana, sans-serif;\"><b>Conditions financi\u00e8res<\/b><\/span><\/u><\/p>\n<p class=\"yiv8722345744MsoNormal\"><span style=\"font-family: verdana, sans-serif; font-size: xx-small;\">&#8211;\u00a0<b>Un acompte<\/b>\u00a0de 30 \u20ac par personne en chambre double, et\u00a043\u00a0\u20ac en chambre individuelle, sera demand\u00e9 \u00e0 l<u><b>\u2019inscription.<\/b><\/u><\/span><\/p>\n<p class=\"yiv8722345744MsoNormal\"><span style=\"font-family: verdana, sans-serif; font-size: xx-small;\">&#8211; Un\u00a0<b>2<sup>\u00e8me<\/sup>\u00a0acompte<\/b>\u00a0pour le 15 juin 2019 : de 50 \u20ac par personne en chambre double\u00a0et\u00a070\u20ac en chambre individuelle.<\/span><\/p>\n<p class=\"yiv8722345744MsoNormal\"><span style=\"font-family: verdana, sans-serif; font-size: xx-small;\">&#8211; Le\u00a0<b>solde<\/b>\u00a0le 1<sup>er<\/sup>\u00a0ao\u00fbt 2019.<\/span><\/p>\n<p class=\"yiv8722345744MsoNormal\"><span style=\"font-family: verdana, sans-serif; font-size: xx-small;\">L&rsquo;ensemble du s\u00e9jour est d\u00fb\u00a0<b>15 jours avant le d\u00e9part<\/b>.<\/span><\/p>\n<p class=\"yiv8722345744MsoNormal\"><span style=\"font-family: verdana, sans-serif;\"><b><u>Randonn\u00e9es pr\u00e9vues<\/u><\/b><\/span><\/p>\n<p class=\"yiv8722345744MsoNormal\"><span style=\"font-family: verdana, sans-serif; font-size: xx-small;\">Les animateurs vous pr\u00e9parent des belles randonn\u00e9es autour des champs de batailles de la r\u00e9gion du Linge.<\/span><\/p>\n<p class=\"yiv8722345744MsoNormal\"><span style=\"font-family: verdana, sans-serif; font-size: xx-small;\">Ce sont les vestiges et les traces encore tr\u00e8s pr\u00e9sentes sur le sol que vous allez d\u00e9couvrir en suivant notre circuit.<\/span><\/p>\n<p class=\"yiv8722345744MsoNormal\"><span style=\"font-family: verdana, sans-serif; font-size: xx-small;\">Sur cette portion du front du Linge se d\u00e9roula entre le 20 juillet et le 16 octobre 1915 une des plus sanglantes batailles de la Grande Guerre dans les Vosges.<\/span><\/p>\n<p class=\"yiv8722345744MsoNormal\"><span style=\"font-family: verdana, sans-serif; font-size: xx-small;\">Elle aura co\u00fbt\u00e9 la vie \u00e0 plus de 17000 jeunes soldats fran\u00e7ais et allemands.<\/span><\/p>\n<p class=\"yiv8722345744MsoNormal\"><span style=\"font-family: verdana, sans-serif; font-size: xx-small;\">Vos animateurs.<\/span><\/p>\n","protected":false},"excerpt":{"rendered":"<p>Week-end du 4 au 6 octobre 2019 &#8211; ce s\u00e9jour est complet. Lieu\u00a0: MUNSTER\u00a0(68) N&rsquo;h\u00e9sitez pas \u00e0 vous inscrire rapidement ; les personnes qui ont d\u00e9j\u00e0 re\u00e7u la confirmation de leur inscription n&rsquo;ont plus besoin de s&rsquo;inscrire. Munster (environ 5000&hellip; <\/p>\n","protected":false},"author":3,"featured_media":0,"comment_status":"closed","ping_status":"open","sticky":false,"template":"","format":"standard","meta":{"footnotes":""},"categories":[4],"tags":[],"class_list":["post-6497","post","type-post","status-publish","format-standard","hentry","category-evenements"],"_links":{"self":[{"href":"https:\/\/www.lspap.fr\/index.php?rest_route=\/wp\/v2\/posts\/6497","targetHints":{"allow":["GET"]}}],"collection":[{"href":"https:\/\/www.lspap.fr\/index.php?rest_route=\/wp\/v2\/posts"}],"about":[{"href":"https:\/\/www.lspap.fr\/index.php?rest_route=\/wp\/v2\/types\/post"}],"author":[{"embeddable":true,"href":"https:\/\/www.lspap.fr\/index.php?rest_route=\/wp\/v2\/users\/3"}],"replies":[{"embeddable":true,"href":"https:\/\/www.lspap.fr\/index.php?rest_route=%2Fwp%2Fv2%2Fcomments&post=6497"}],"version-history":[{"count":2,"href":"https:\/\/www.lspap.fr\/index.php?rest_route=\/wp\/v2\/posts\/6497\/revisions"}],"predecessor-version":[{"id":6692,"href":"https:\/\/www.lspap.fr\/index.php?rest_route=\/wp\/v2\/posts\/6497\/revisions\/6692"}],"wp:attachment":[{"href":"https:\/\/www.lspap.fr\/index.php?rest_route=%2Fwp%2Fv2%2Fmedia&parent=6497"}],"wp:term":[{"taxonomy":"category","embeddable":true,"href":"https:\/\/www.lspap.fr\/index.php?rest_route=%2Fwp%2Fv2%2Fcategories&post=6497"},{"taxonomy":"post_tag","embeddable":true,"href":"https:\/\/www.lspap.fr\/index.php?rest_route=%2Fwp%2Fv2%2Ftags&post=6497"}],"curies":[{"name":"wp","href":"https:\/\/api.w.org\/{rel}","templated":true}]}}