{"id":12832,"date":"2026-03-11T07:20:48","date_gmt":"2026-03-11T06:20:48","guid":{"rendered":"https:\/\/www.lspap.fr\/?p=12832"},"modified":"2026-03-28T06:39:23","modified_gmt":"2026-03-28T05:39:23","slug":"sortie-rando-sante-cleebourg-vendredi-27-mars-2026","status":"publish","type":"post","link":"https:\/\/www.lspap.fr\/?p=12832","title":{"rendered":"Sortie Rando Sant\u00e9 &#8211; CLEEBOURG &#8211; vendredi 27 mars 2026"},"content":{"rendered":"\n<p>**** 24 participants<\/p>\n\n\n\n<p>La prochaine sortie&nbsp;<strong>RANDO SANT\u00c9<\/strong>&nbsp;aura lieu<strong>&nbsp;VENDREDI&nbsp; 27 MARS \u00e0 CLEEBOURG.<\/strong><br \/>Randonn\u00e9e sur des chemins et sentiers goudronn\u00e9s, \u00e0 travers les vignes et les vergers sur les hauteurs de Cleebourg. Nous surplomberons&nbsp;les villages de Cleebourg, Rott et Oberhoffen l\u00e8s&nbsp;Wissembourg.<\/p>\n\n\n\n<figure class=\"wp-block-image size-full is-resized\"><a href=\"https:\/\/www.lspap.fr\/wp-content\/uploads\/2026\/03\/image-1.png\"><img loading=\"lazy\" decoding=\"async\" width=\"891\" height=\"396\" src=\"https:\/\/www.lspap.fr\/wp-content\/uploads\/2026\/03\/image-1.png\" alt=\"\" class=\"wp-image-12833\" style=\"width:566px;height:auto\" srcset=\"https:\/\/www.lspap.fr\/wp-content\/uploads\/2026\/03\/image-1.png 891w, https:\/\/www.lspap.fr\/wp-content\/uploads\/2026\/03\/image-1-300x133.png 300w, https:\/\/www.lspap.fr\/wp-content\/uploads\/2026\/03\/image-1-768x341.png 768w\" sizes=\"auto, (max-width: 891px) 100vw, 891px\" \/><\/a><\/figure>\n\n\n\n<figure class=\"wp-block-image size-full is-resized\"><a href=\"https:\/\/www.lspap.fr\/wp-content\/uploads\/2026\/03\/image-2.png\"><img loading=\"lazy\" decoding=\"async\" width=\"825\" height=\"382\" src=\"https:\/\/www.lspap.fr\/wp-content\/uploads\/2026\/03\/image-2.png\" alt=\"\" class=\"wp-image-12834\" style=\"width:571px;height:auto\" srcset=\"https:\/\/www.lspap.fr\/wp-content\/uploads\/2026\/03\/image-2.png 825w, https:\/\/www.lspap.fr\/wp-content\/uploads\/2026\/03\/image-2-300x139.png 300w, https:\/\/www.lspap.fr\/wp-content\/uploads\/2026\/03\/image-2-768x356.png 768w\" sizes=\"auto, (max-width: 825px) 100vw, 825px\" \/><\/a><\/figure>\n\n\n\n<p><strong>MARCHE DE&nbsp;11 KM&nbsp; &nbsp;&#8211; d\u00e9nivel\u00e9 176m &#8211;&nbsp; OUVERTE \u00c0 TOUS<\/strong> &#8211; 6km le matin et 5km l&rsquo;apr\u00e8s midi<br \/><strong>D\u00e9part<\/strong>&nbsp;parking des floralies \u00e0 MUNDOLSHEIM \u00e0 8H45<\/p>\n\n\n\n<p><strong>ATTENTION CHANGEMENT DU LIEU DE D\u00c9PART DE LA MARCHE<\/strong><\/p>\n\n\n\n<p>D\u00c9PART \u00e0 10H \u00e0&nbsp;<strong>STEINSELTZ&nbsp;<\/strong>&nbsp;&nbsp;&#8211; PARKING &nbsp;pr\u00e8s du stade &nbsp;de foot &nbsp;<br \/>rue du stade&nbsp;(au premier rond point \u00e0 droite)<br \/><br \/><strong>Repas&nbsp;<\/strong>RESTAURANT&nbsp; LE CLEEBOURG<br \/>Prix du menu&nbsp; : plat du jour&nbsp; entr\u00e9e, plat, dessert \u00e0 18\u20ac&nbsp; &#8211;&nbsp; boissons en sus<br \/>Si cette sortie vous int\u00e9resse, merci de nous en informer par mail en pr\u00e9cisant si vous partez de Mundolsheim ou Oberhoffen-les-Wissembourg.<br \/>Nous vous esp\u00e9rons nombreux.<br \/>Sportivement,<br \/>Vos animateurs<\/p>\n","protected":false},"excerpt":{"rendered":"<p>**** 24 participants La prochaine sortie&nbsp;RANDO SANT\u00c9&nbsp;aura lieu&nbsp;VENDREDI&nbsp; 27 MARS \u00e0 CLEEBOURG.Randonn\u00e9e sur des chemins et sentiers goudronn\u00e9s, \u00e0 travers les vignes et les vergers sur les hauteurs de Cleebourg. Nous surplomberons&nbsp;les villages de Cleebourg, Rott et Oberhoffen l\u00e8s&nbsp;Wissembourg. MARCHE&hellip; <\/p>\n","protected":false},"author":3,"featured_media":0,"comment_status":"closed","ping_status":"open","sticky":false,"template":"","format":"standard","meta":{"footnotes":""},"categories":[4],"tags":[],"class_list":["post-12832","post","type-post","status-publish","format-standard","hentry","category-evenements"],"_links":{"self":[{"href":"https:\/\/www.lspap.fr\/index.php?rest_route=\/wp\/v2\/posts\/12832","targetHints":{"allow":["GET"]}}],"collection":[{"href":"https:\/\/www.lspap.fr\/index.php?rest_route=\/wp\/v2\/posts"}],"about":[{"href":"https:\/\/www.lspap.fr\/index.php?rest_route=\/wp\/v2\/types\/post"}],"author":[{"embeddable":true,"href":"https:\/\/www.lspap.fr\/index.php?rest_route=\/wp\/v2\/users\/3"}],"replies":[{"embeddable":true,"href":"https:\/\/www.lspap.fr\/index.php?rest_route=%2Fwp%2Fv2%2Fcomments&post=12832"}],"version-history":[{"count":3,"href":"https:\/\/www.lspap.fr\/index.php?rest_route=\/wp\/v2\/posts\/12832\/revisions"}],"predecessor-version":[{"id":12861,"href":"https:\/\/www.lspap.fr\/index.php?rest_route=\/wp\/v2\/posts\/12832\/revisions\/12861"}],"wp:attachment":[{"href":"https:\/\/www.lspap.fr\/index.php?rest_route=%2Fwp%2Fv2%2Fmedia&parent=12832"}],"wp:term":[{"taxonomy":"category","embeddable":true,"href":"https:\/\/www.lspap.fr\/index.php?rest_route=%2Fwp%2Fv2%2Fcategories&post=12832"},{"taxonomy":"post_tag","embeddable":true,"href":"https:\/\/www.lspap.fr\/index.php?rest_route=%2Fwp%2Fv2%2Ftags&post=12832"}],"curies":[{"name":"wp","href":"https:\/\/api.w.org\/{rel}","templated":true}]}}