{"id":12308,"date":"2025-10-14T20:23:46","date_gmt":"2025-10-14T19:23:46","guid":{"rendered":"https:\/\/www.lspap.fr\/?p=12308"},"modified":"2025-11-04T07:02:59","modified_gmt":"2025-11-04T06:02:59","slug":"sortie-marche-nordique-1-2-journee-foret-de-haguenau-jeudi-23-octobre-2025","status":"publish","type":"post","link":"https:\/\/www.lspap.fr\/?p=12308","title":{"rendered":"Report Sortie marche nordique 1\/2 journ\u00e9e &#8211; For\u00eat de HAGUENAU au JEUDI 30 OCTOBRE 2025"},"content":{"rendered":"\n<p>****7 participants****<\/p>\n\n\n\n<p>*****Le 22 octobre*****En raison des conditions&nbsp;m\u00e9t\u00e9o d\u00e9favorables (pluie et vent fort),&nbsp;<strong>nous annulons<\/strong>&nbsp;la sortie&nbsp;du 23 octobre \u00e0 ESCHBACH.<br \/><strong>Cette sortie sera report\u00e9e au jeudi 30 octobre<\/strong>.<br \/>Si vous \u00eates int\u00e9ress\u00e9s, merci de nous en informer par mail.<br \/>Pour les personnes inscrites \u00e0 la sortie du 23, merci de confirmer votre pr\u00e9sence pour le 30 octobre.<br \/>Vous noterez qu&rsquo;il n&rsquo;y aura pas de marche \u00e0 Mittelhausbergen les 23 et 30 octobre.<br \/>Merci pour votre compr\u00e9hension<\/p>\n\n\n\n<p>&#8212;&#8212;&#8212;&#8212;&#8212;&#8212;&#8212;&#8212;&#8212;&#8212;&#8212;&#8212;&#8212;&#8212;&#8212;&#8212;&#8212;&#8212;&#8212;&#8212;&#8212;&#8212;&#8212;&#8212;&#8212;&#8212;&#8212;&#8212;&#8212;&#8212;&#8212;&#8212;&#8212;&#8212;&#8212;&#8212;&#8212;&#8211;<\/p>\n\n\n\n<p>Vos animateurs vous proposent une sortie \u00e0 la <strong>\u00bd journ\u00e9e<\/strong> en for\u00eat de Haguenau au d\u00e9part d\u2019Eschbach.<br \/>Le circuit emprunte des chemins stabilis\u00e9s, il nous permet de d\u00e9couvrir diff\u00e9rents aspects de cette magnifique for\u00eat.<br \/><br \/>A l\u2019issue de la rando, Michel nous invite \u00e0 partager le verre de l\u2019amiti\u00e9 dans sa cour au 6 rue des Cerisiers \u00e0 ESCHBACH.<\/p>\n\n\n\n<p><strong>Distance&nbsp;<\/strong>: 10,5 kms&nbsp;&nbsp;&nbsp;&nbsp;&nbsp;&nbsp;&nbsp;&nbsp;&nbsp;&nbsp;&nbsp;&nbsp;&nbsp;&nbsp;&nbsp;&nbsp;&nbsp;&nbsp;&nbsp;&nbsp;&nbsp;&nbsp;&nbsp;&nbsp;&nbsp;&nbsp;&nbsp;&nbsp;&nbsp;&nbsp;&nbsp;&nbsp;&nbsp;&nbsp; <strong>D\u00e9nivel\u00e9<\/strong>&nbsp;: insignifiant&nbsp;!!<\/p>\n\n\n\n<p><strong>COVOITURAGE<\/strong>&nbsp;: rdv <strong>13h30 rue de la Colline \u00e0 MITTELHAUSBERGEN<\/strong><\/p>\n\n\n\n<div class=\"wp-block-group is-nowrap is-layout-flex wp-container-core-group-is-layout-ad2f72ca wp-block-group-is-layout-flex\">\n<p><strong>D\u00e9part rando<\/strong>&nbsp;: <strong>14H15 RDV sur le parking 300 m\u00e8tres \u00e0 gauche \u00e0 la sortie d\u2019Eschbach en allant vers MERTZWILLER<\/strong>. <br \/><\/p>\n<\/div>\n\n\n\n<p><strong>Adapter<\/strong> la tenue de marche en fonction des pr\u00e9visions m\u00e9t\u00e9o (chaussures et b\u00e2tons de marche nordique indispensables&nbsp;!!), pr\u00e9voir une boisson et \u00e9ventuellement un petit en-cas.<br \/>Nous devrions \u00eatre de retour pour 18h00.<br \/>Si cette sortie vous int\u00e9resse, pensez \u00e0 vous inscrire en pr\u00e9cisant si vous avez besoin du covoiturage.<br \/><br \/>Nous serons tr\u00e8s heureux de vous guider et esp\u00e9rons vous retrouver nombreux.<br \/>Cordialement,<br \/>Votre \u00e9quipe d\u2019animateurs<br \/><\/p>\n\n\n\n<p>Cr\u00e9dit photos M.Z.<\/p>\n\n\n\n<div class=\"wp-block-columns is-layout-flex wp-container-core-columns-is-layout-9d6595d7 wp-block-columns-is-layout-flex\">\n<div class=\"wp-block-column is-layout-flow wp-block-column-is-layout-flow\">\n<figure class=\"wp-block-image size-full\"><a href=\"https:\/\/www.lspap.fr\/wp-content\/uploads\/2025\/10\/ForetHaguenau2.jpg\"><img loading=\"lazy\" decoding=\"async\" width=\"940\" height=\"708\" src=\"https:\/\/www.lspap.fr\/wp-content\/uploads\/2025\/10\/ForetHaguenau2.jpg\" alt=\"\" class=\"wp-image-12309\" srcset=\"https:\/\/www.lspap.fr\/wp-content\/uploads\/2025\/10\/ForetHaguenau2.jpg 940w, https:\/\/www.lspap.fr\/wp-content\/uploads\/2025\/10\/ForetHaguenau2-300x226.jpg 300w, https:\/\/www.lspap.fr\/wp-content\/uploads\/2025\/10\/ForetHaguenau2-768x578.jpg 768w\" sizes=\"auto, (max-width: 940px) 100vw, 940px\" \/><\/a><\/figure>\n<\/div>\n\n\n\n<div class=\"wp-block-column is-layout-flow wp-block-column-is-layout-flow\">\n<figure class=\"wp-block-image size-full is-resized\"><a href=\"https:\/\/www.lspap.fr\/wp-content\/uploads\/2025\/10\/ForetHaguenau1.jpg\"><img loading=\"lazy\" decoding=\"async\" width=\"459\" height=\"972\" src=\"https:\/\/www.lspap.fr\/wp-content\/uploads\/2025\/10\/ForetHaguenau1.jpg\" alt=\"\" class=\"wp-image-12310\" style=\"width:232px;height:auto\" srcset=\"https:\/\/www.lspap.fr\/wp-content\/uploads\/2025\/10\/ForetHaguenau1.jpg 459w, https:\/\/www.lspap.fr\/wp-content\/uploads\/2025\/10\/ForetHaguenau1-142x300.jpg 142w\" sizes=\"auto, (max-width: 459px) 100vw, 459px\" \/><\/a><\/figure>\n<\/div>\n<\/div>\n","protected":false},"excerpt":{"rendered":"<p>****7 participants**** *****Le 22 octobre*****En raison des conditions&nbsp;m\u00e9t\u00e9o d\u00e9favorables (pluie et vent fort),&nbsp;nous annulons&nbsp;la sortie&nbsp;du 23 octobre \u00e0 ESCHBACH.Cette sortie sera report\u00e9e au jeudi 30 octobre.Si vous \u00eates int\u00e9ress\u00e9s, merci de nous en informer par mail.Pour les personnes inscrites \u00e0&hellip; <\/p>\n","protected":false},"author":3,"featured_media":0,"comment_status":"closed","ping_status":"open","sticky":false,"template":"","format":"standard","meta":{"footnotes":""},"categories":[4],"tags":[],"class_list":["post-12308","post","type-post","status-publish","format-standard","hentry","category-evenements"],"_links":{"self":[{"href":"https:\/\/www.lspap.fr\/index.php?rest_route=\/wp\/v2\/posts\/12308","targetHints":{"allow":["GET"]}}],"collection":[{"href":"https:\/\/www.lspap.fr\/index.php?rest_route=\/wp\/v2\/posts"}],"about":[{"href":"https:\/\/www.lspap.fr\/index.php?rest_route=\/wp\/v2\/types\/post"}],"author":[{"embeddable":true,"href":"https:\/\/www.lspap.fr\/index.php?rest_route=\/wp\/v2\/users\/3"}],"replies":[{"embeddable":true,"href":"https:\/\/www.lspap.fr\/index.php?rest_route=%2Fwp%2Fv2%2Fcomments&post=12308"}],"version-history":[{"count":6,"href":"https:\/\/www.lspap.fr\/index.php?rest_route=\/wp\/v2\/posts\/12308\/revisions"}],"predecessor-version":[{"id":12484,"href":"https:\/\/www.lspap.fr\/index.php?rest_route=\/wp\/v2\/posts\/12308\/revisions\/12484"}],"wp:attachment":[{"href":"https:\/\/www.lspap.fr\/index.php?rest_route=%2Fwp%2Fv2%2Fmedia&parent=12308"}],"wp:term":[{"taxonomy":"category","embeddable":true,"href":"https:\/\/www.lspap.fr\/index.php?rest_route=%2Fwp%2Fv2%2Fcategories&post=12308"},{"taxonomy":"post_tag","embeddable":true,"href":"https:\/\/www.lspap.fr\/index.php?rest_route=%2Fwp%2Fv2%2Ftags&post=12308"}],"curies":[{"name":"wp","href":"https:\/\/api.w.org\/{rel}","templated":true}]}}