{"id":11424,"date":"2025-01-03T07:14:40","date_gmt":"2025-01-03T06:14:40","guid":{"rendered":"https:\/\/www.lspap.fr\/?p=11424"},"modified":"2025-05-25T08:52:09","modified_gmt":"2025-05-25T07:52:09","slug":"propositions-de-sorties-1er-semestre-2025","status":"publish","type":"post","link":"https:\/\/www.lspap.fr\/?p=11424","title":{"rendered":"Planning des sorties &#8211; 1er semestre 2025"},"content":{"rendered":"<p>Planning des sorties pour le 1er semestre 2025.<\/p>\n<p><strong>MARCHE NORDIQUE<\/strong><\/p>\n<p>Jeudi 13 f\u00e9vrier\u00a0\u00a0\u00a0\u00a0\u00a0\u00a0\u00a0\u00a0\u00a0\u00a0\u00a0\u00a0\u00a0 Sortie \u00e0 la 1\/2 journ\u00e9e dans la for\u00eat du Neuhof \u2013 12,5 kms \u00e0 plat<\/p>\n<p>Samedi 8 mars\u00a0\u00a0\u00a0\u00a0\u00a0\u00a0\u00a0\u00a0\u00a0\u00a0\u00a0\u00a0\u00a0 Rando journ\u00e9e au d\u00e9part de Barr : Ch\u00e2teaux de Birkenfels<br \/>\net du Landsberg &#8211; 14 kms &#8211;\u00a0500 m d\u00e9nivel\u00e9 &#8211; repas tir\u00e9 du sac.<\/p>\n<p>Samedi\u00a012 avril\u00a0 \u00a0 \u00a0 \u00a0 \u00a0 \u00a0 \u00a0Sortie \u00e0 la 1\/2 journ\u00e9e \u00e0 Wangen &#8211; 11 kms \u2013 200 m d\u00e9nivel\u00e9<\/p>\n<p>Samedi 26 avril\u00a0 \u00a0 \u00a0 \u00a0 \u00a0 \u00a0 \u00a0Rando journ\u00e9e\u00a0Dambach la Ville et Ch\u00e2teaux Bernstein, Ortenbourg et\u00a0 \u00a0 \u00a0 \u00a0 \u00a0 \u00a0 \u00a0 \u00a0 \u00a0 \u00a0 \u00a0 \u00a0 \u00a0 \u00a0 \u00a0 \u00a0 \u00a0 \u00a0 \u00a0 \u00a0 \u00a0 Ramstein et Ortenbourg &#8211; 14 kms &#8211; 430 m d\u00e9nivel\u00e9 &#8211; repas tir\u00e9 du sac<\/p>\n<p>Samedi 17 mai et dimanche 18 mai\u00a0\u00a0\u00a0\u00a0\u00a0\u00a0\u00a0\u00a0 RAND\u2019O FOLIES \u00e0 GINGSHEIM (Kochersberg)<br \/>\navec les Territoires d&rsquo;Alsace.<\/p>\n<p>Programme d\u00e9taill\u00e9 Marche Nordique &#8211; Rando sant\u00e9 &#8211; Marche familialle et repas<\/p>\n<p><a href=\"https:\/\/alsace.ffrandonnee.fr\/\">Accueil &#8211; Comit\u00e9 des Territoires d&rsquo;Alsace<\/a><\/p>\n<p>&nbsp;<\/p>\n<p><strong>RANDO SANT\u00c9<\/strong><\/p>\n<p>Vendredi 28 f\u00e9vrier\u00a0 \u00a0 \u00a0 \u00a0Remparts, vignes et quartiers de Wissembourg \u2013\u00a09,5 km \u2013 d\u00e9nivel\u00e9\u00a0 \u00a0 \u00a0 \u00a0 \u00a0 \u00a0 \u00a0 \u00a0 \u00a0 \u00a0 \u00a0 \u00a0 \u00a0 \u00a0 \u00a0 \u00a0 \u00a0 \u00a0 \u00a0 \u00a0 \u00a0 \u00a0 \u00a0 \u00a0130m\u00a0\u2013 d\u00e9jeuner au Restaurant L&rsquo;Abbaye<\/p>\n<p>Vendredi 4 avril\u00a0\u00a0\u00a0\u00a0\u00a0\u00a0\u00a0\u00a0\u00a0\u00a0\u00a0\u00a0 Hunspach et la Ligne Maginot &#8211; repas tir\u00e9 du sac &#8211;\u00a0visite du Fort de<br \/>\nSchoenenbourg &#8211; 9 km + 3 km dans le fort \u2013 d\u00e9nivel\u00e9 60 m<\/p>\n<p>Vendredi 6 juin\u00a0\u00a0\u00a0\u00a0\u00a0\u00a0\u00a0\u00a0\u00a0\u00a0\u00a0\u00a0\u00a0 Roppeviller \u2013 Rocher de Diane \u2013 Colorado Alsacien \u2013 7,5 km &#8211;<br \/>\nd\u00e9nivel\u00e9 186m\u00a0&#8211; repas tir\u00e9 du sac<\/p>\n<p>sans oublier nos marches mensuelles d\u00e9localis\u00e9es annonc\u00e9es par mail (Rando Sant\u00e9 et Marche nordique).<\/p>\n<p><strong>\u00a0<\/strong><\/p>\n","protected":false},"excerpt":{"rendered":"<p>Planning des sorties pour le 1er semestre 2025. MARCHE NORDIQUE Jeudi 13 f\u00e9vrier\u00a0\u00a0\u00a0\u00a0\u00a0\u00a0\u00a0\u00a0\u00a0\u00a0\u00a0\u00a0\u00a0 Sortie \u00e0 la 1\/2 journ\u00e9e dans la for\u00eat du Neuhof \u2013 12,5 kms \u00e0 plat Samedi 8 mars\u00a0\u00a0\u00a0\u00a0\u00a0\u00a0\u00a0\u00a0\u00a0\u00a0\u00a0\u00a0\u00a0 Rando journ\u00e9e au d\u00e9part de Barr : Ch\u00e2teaux de&hellip; <\/p>\n","protected":false},"author":3,"featured_media":0,"comment_status":"closed","ping_status":"open","sticky":false,"template":"","format":"standard","meta":{"footnotes":""},"categories":[4],"tags":[],"class_list":["post-11424","post","type-post","status-publish","format-standard","hentry","category-evenements"],"_links":{"self":[{"href":"https:\/\/www.lspap.fr\/index.php?rest_route=\/wp\/v2\/posts\/11424","targetHints":{"allow":["GET"]}}],"collection":[{"href":"https:\/\/www.lspap.fr\/index.php?rest_route=\/wp\/v2\/posts"}],"about":[{"href":"https:\/\/www.lspap.fr\/index.php?rest_route=\/wp\/v2\/types\/post"}],"author":[{"embeddable":true,"href":"https:\/\/www.lspap.fr\/index.php?rest_route=\/wp\/v2\/users\/3"}],"replies":[{"embeddable":true,"href":"https:\/\/www.lspap.fr\/index.php?rest_route=%2Fwp%2Fv2%2Fcomments&post=11424"}],"version-history":[{"count":15,"href":"https:\/\/www.lspap.fr\/index.php?rest_route=\/wp\/v2\/posts\/11424\/revisions"}],"predecessor-version":[{"id":11861,"href":"https:\/\/www.lspap.fr\/index.php?rest_route=\/wp\/v2\/posts\/11424\/revisions\/11861"}],"wp:attachment":[{"href":"https:\/\/www.lspap.fr\/index.php?rest_route=%2Fwp%2Fv2%2Fmedia&parent=11424"}],"wp:term":[{"taxonomy":"category","embeddable":true,"href":"https:\/\/www.lspap.fr\/index.php?rest_route=%2Fwp%2Fv2%2Fcategories&post=11424"},{"taxonomy":"post_tag","embeddable":true,"href":"https:\/\/www.lspap.fr\/index.php?rest_route=%2Fwp%2Fv2%2Ftags&post=11424"}],"curies":[{"name":"wp","href":"https:\/\/api.w.org\/{rel}","templated":true}]}}