{"id":11364,"date":"2024-12-10T08:39:15","date_gmt":"2024-12-10T07:39:15","guid":{"rendered":"https:\/\/www.lspap.fr\/?p=11364"},"modified":"2025-07-03T07:54:52","modified_gmt":"2025-07-03T06:54:52","slug":"sejour-dete-haute-savoie-du-22-au-28-juin-2025","status":"publish","type":"post","link":"https:\/\/www.lspap.fr\/?p=11364","title":{"rendered":"S\u00e9jour d&rsquo;\u00e9t\u00e9 Haute-Savoie &#8211; du 22 au 28 juin 2025"},"content":{"rendered":"<p class=\"yiv2677241104MsoNormal\">****26 PARTICIPANTS &#8211; SEJOUR D&rsquo;ETE COMPLET****<\/p>\n<p class=\"yiv2677241104MsoNormal\">Notre s\u00e9jour d&rsquo;\u00e9t\u00e9 2025 se d\u00e9roulera au\u00a0Village-vacances CAP France LES C\u00ceMES DU LEMAN<br \/>\n\u00e0 Hab\u00e8re-Poche \u2013 74420.<\/p>\n<p class=\"yiv2677241104MsoNormal\"><span style=\"text-decoration: underline;\">DU DIMANCHE 22 AU SAMEDI 28 JUIN 2025 &#8211; 7 jours \/ 6 nuits<\/span><\/p>\n<p class=\"yiv2677241104MsoNormal\">En chambres doubles ou\u00a0individuelles.<br \/>\nEn pension compl\u00e8te.<\/p>\n<ul>\n<li>En Haute-Savoie<\/li>\n<li>Au coeur\u00a0des Alpes du L\u00e9man dans la Vall\u00e9e Verte<\/li>\n<li>A 1 040 m\u00e8tres d&rsquo;altitude<\/li>\n<li>Dans un village typiquement haut-savoyard<\/li>\n<li>Accompagnateurs sur place.<\/li>\n<\/ul>\n<p>Toutes les informations n\u00e9cessaires figurent dans notre mail du 9 d\u00e9cembre accompagn\u00e9 de la fiche explicative.<\/p>\n<p>Vos animatrices &amp; animateurs<\/p>\n","protected":false},"excerpt":{"rendered":"<p>****26 PARTICIPANTS &#8211; SEJOUR D&rsquo;ETE COMPLET**** Notre s\u00e9jour d&rsquo;\u00e9t\u00e9 2025 se d\u00e9roulera au\u00a0Village-vacances CAP France LES C\u00ceMES DU LEMAN \u00e0 Hab\u00e8re-Poche \u2013 74420. DU DIMANCHE 22 AU SAMEDI 28 JUIN 2025 &#8211; 7 jours \/ 6 nuits En chambres doubles&hellip; <\/p>\n","protected":false},"author":3,"featured_media":0,"comment_status":"closed","ping_status":"open","sticky":false,"template":"","format":"standard","meta":{"footnotes":""},"categories":[4],"tags":[],"class_list":["post-11364","post","type-post","status-publish","format-standard","hentry","category-evenements"],"_links":{"self":[{"href":"https:\/\/www.lspap.fr\/index.php?rest_route=\/wp\/v2\/posts\/11364","targetHints":{"allow":["GET"]}}],"collection":[{"href":"https:\/\/www.lspap.fr\/index.php?rest_route=\/wp\/v2\/posts"}],"about":[{"href":"https:\/\/www.lspap.fr\/index.php?rest_route=\/wp\/v2\/types\/post"}],"author":[{"embeddable":true,"href":"https:\/\/www.lspap.fr\/index.php?rest_route=\/wp\/v2\/users\/3"}],"replies":[{"embeddable":true,"href":"https:\/\/www.lspap.fr\/index.php?rest_route=%2Fwp%2Fv2%2Fcomments&post=11364"}],"version-history":[{"count":7,"href":"https:\/\/www.lspap.fr\/index.php?rest_route=\/wp\/v2\/posts\/11364\/revisions"}],"predecessor-version":[{"id":11970,"href":"https:\/\/www.lspap.fr\/index.php?rest_route=\/wp\/v2\/posts\/11364\/revisions\/11970"}],"wp:attachment":[{"href":"https:\/\/www.lspap.fr\/index.php?rest_route=%2Fwp%2Fv2%2Fmedia&parent=11364"}],"wp:term":[{"taxonomy":"category","embeddable":true,"href":"https:\/\/www.lspap.fr\/index.php?rest_route=%2Fwp%2Fv2%2Fcategories&post=11364"},{"taxonomy":"post_tag","embeddable":true,"href":"https:\/\/www.lspap.fr\/index.php?rest_route=%2Fwp%2Fv2%2Ftags&post=11364"}],"curies":[{"name":"wp","href":"https:\/\/api.w.org\/{rel}","templated":true}]}}