{"id":11149,"date":"2024-09-26T15:39:42","date_gmt":"2024-09-26T14:39:42","guid":{"rendered":"https:\/\/www.lspap.fr\/?p=11149"},"modified":"2024-09-30T14:36:32","modified_gmt":"2024-09-30T13:36:32","slug":"marche-nordique-delocalisee-a-hoerdtgeudertheim-samedi-28-septembre","status":"publish","type":"post","link":"https:\/\/www.lspap.fr\/?p=11149","title":{"rendered":"Marche nordique d\u00e9localis\u00e9e \u00e0 HOERDT\/GEUDERTHEIM &#8211; SAMEDI 28 SEPTEMBRE"},"content":{"rendered":"<p class=\"yiv0342232403MsoNormal\"><span style=\"font-family: verdana, sans-serif;\">RDV \u00e0\u00a0<b>Lampertheim<\/b><b>\u00a08h50<\/b>. D\u00e9part 9h pr\u00e9cises en covoiturage pour nous rendre au<br \/>\n<b>PARCOURS de sant\u00e9 de HOERDT\/GEUDERTHEIM<\/b><br \/>\no\u00f9 nous ferons notre entra\u00eenement en for\u00eat sur des chemins stabilis\u00e9s non boueux.<\/span><\/p>\n<p>Pour ceux qui veulent y aller directement l\u2019adresse est\u00a0:<br \/>\nRue de la tour Hoerdt\u00a0\u00a0 RDV 9h15<br \/>\nDans ce cas veuillez SVP pr\u00e9venir Monique au 06 35 94 08 68.<\/p>\n<p class=\"yiv0342232403MsoNormal\"><span style=\"font-family: verdana, sans-serif;\">Vos animateurs<\/span><\/p>\n","protected":false},"excerpt":{"rendered":"<p>RDV \u00e0\u00a0Lampertheim\u00a08h50. D\u00e9part 9h pr\u00e9cises en covoiturage pour nous rendre au PARCOURS de sant\u00e9 de HOERDT\/GEUDERTHEIM o\u00f9 nous ferons notre entra\u00eenement en for\u00eat sur des chemins stabilis\u00e9s non boueux. Pour ceux qui veulent y aller directement l\u2019adresse est\u00a0: Rue de&hellip; <\/p>\n","protected":false},"author":3,"featured_media":0,"comment_status":"closed","ping_status":"open","sticky":false,"template":"","format":"standard","meta":{"footnotes":""},"categories":[4],"tags":[],"class_list":["post-11149","post","type-post","status-publish","format-standard","hentry","category-evenements"],"_links":{"self":[{"href":"https:\/\/www.lspap.fr\/index.php?rest_route=\/wp\/v2\/posts\/11149","targetHints":{"allow":["GET"]}}],"collection":[{"href":"https:\/\/www.lspap.fr\/index.php?rest_route=\/wp\/v2\/posts"}],"about":[{"href":"https:\/\/www.lspap.fr\/index.php?rest_route=\/wp\/v2\/types\/post"}],"author":[{"embeddable":true,"href":"https:\/\/www.lspap.fr\/index.php?rest_route=\/wp\/v2\/users\/3"}],"replies":[{"embeddable":true,"href":"https:\/\/www.lspap.fr\/index.php?rest_route=%2Fwp%2Fv2%2Fcomments&post=11149"}],"version-history":[{"count":2,"href":"https:\/\/www.lspap.fr\/index.php?rest_route=\/wp\/v2\/posts\/11149\/revisions"}],"predecessor-version":[{"id":11153,"href":"https:\/\/www.lspap.fr\/index.php?rest_route=\/wp\/v2\/posts\/11149\/revisions\/11153"}],"wp:attachment":[{"href":"https:\/\/www.lspap.fr\/index.php?rest_route=%2Fwp%2Fv2%2Fmedia&parent=11149"}],"wp:term":[{"taxonomy":"category","embeddable":true,"href":"https:\/\/www.lspap.fr\/index.php?rest_route=%2Fwp%2Fv2%2Fcategories&post=11149"},{"taxonomy":"post_tag","embeddable":true,"href":"https:\/\/www.lspap.fr\/index.php?rest_route=%2Fwp%2Fv2%2Ftags&post=11149"}],"curies":[{"name":"wp","href":"https:\/\/api.w.org\/{rel}","templated":true}]}}