{"id":10497,"date":"2024-02-22T10:14:48","date_gmt":"2024-02-22T09:14:48","guid":{"rendered":"http:\/\/www.lspap.fr\/?p=10497"},"modified":"2024-02-25T08:35:30","modified_gmt":"2024-02-25T07:35:30","slug":"seance-marche-nordique-delocalisee-plan-deau-reichstett-samedi-24-fevrier-2024","status":"publish","type":"post","link":"https:\/\/www.lspap.fr\/?p=10497","title":{"rendered":"S\u00e9ance marche nordique d\u00e9localis\u00e9e &#8211; Plan d&rsquo;eau REICHSTETT &#8211; samedi 24 FEVRIER 2024"},"content":{"rendered":"<p class=\"yiv7585616617MsoNormal\"><span style=\"font-family: verdana, sans-serif;\"><b>SAMEDI 24 F\u00c9VRIER,\u00a0<\/b>comme tous les derniers samedis du mois d\u00e9sormais,<b>\u00a0<\/b>nous vous proposons une s\u00e9ance d\u00e9localis\u00e9e.\u00a0 \u00a0 \u00a012 participants<br \/>\n<\/span><\/p>\n<p class=\"yiv7585616617MsoNormal\"><span style=\"font-family: verdana, sans-serif;\"><br \/>\nRDV \u00e0\u00a0<b>LAMPERTHEIM<\/b><b>\u00a08h50<\/b>. D\u00e9part 9h pr\u00e9cises en covoiturage pour nous rendre au<br \/>\n<b>plan d\u2019eau Neubiltz de REICHSTETT\u00a0<\/b><br \/>\no\u00f9 nous ferons notre entra\u00eenement sur des chemins stabilis\u00e9s\u00a0: tour du plan d\u2019eau, parcours sant\u00e9 du fort Rapp et le long du canal au niveau de Souffelweyersheim.<\/span><\/p>\n<p>Pour ceux qui veulent y aller directement RDV 9h15<br \/>\nparking du plan d\u2019eau, rue du commerce<br \/>\n(suivre direction complexe sportif, aller jusqu\u2019au fond de la rue)<br \/>\nDans ce cas veuillez SVP pr\u00e9venir Marie -Paule au 06 32 35 03 82<\/p>\n<p>Nous esp\u00e9rons vous retrouver nombreux samedi.<\/p>\n<p class=\"yiv7585616617MsoNormal\"><span style=\"font-family: verdana, sans-serif;\">Sportivement,\u00a0\u00a0<\/span><\/p>\n<p class=\"yiv7585616617MsoNormal\"><span style=\"font-family: verdana, sans-serif;\">Vos animateurs<\/span><\/p>\n","protected":false},"excerpt":{"rendered":"<p>SAMEDI 24 F\u00c9VRIER,\u00a0comme tous les derniers samedis du mois d\u00e9sormais,\u00a0nous vous proposons une s\u00e9ance d\u00e9localis\u00e9e.\u00a0 \u00a0 \u00a012 participants RDV \u00e0\u00a0LAMPERTHEIM\u00a08h50. D\u00e9part 9h pr\u00e9cises en covoiturage pour nous rendre au plan d\u2019eau Neubiltz de REICHSTETT\u00a0 o\u00f9 nous ferons notre entra\u00eenement sur&hellip; <\/p>\n","protected":false},"author":3,"featured_media":0,"comment_status":"closed","ping_status":"open","sticky":false,"template":"","format":"standard","meta":{"footnotes":""},"categories":[4],"tags":[],"class_list":["post-10497","post","type-post","status-publish","format-standard","hentry","category-evenements"],"_links":{"self":[{"href":"https:\/\/www.lspap.fr\/index.php?rest_route=\/wp\/v2\/posts\/10497","targetHints":{"allow":["GET"]}}],"collection":[{"href":"https:\/\/www.lspap.fr\/index.php?rest_route=\/wp\/v2\/posts"}],"about":[{"href":"https:\/\/www.lspap.fr\/index.php?rest_route=\/wp\/v2\/types\/post"}],"author":[{"embeddable":true,"href":"https:\/\/www.lspap.fr\/index.php?rest_route=\/wp\/v2\/users\/3"}],"replies":[{"embeddable":true,"href":"https:\/\/www.lspap.fr\/index.php?rest_route=%2Fwp%2Fv2%2Fcomments&post=10497"}],"version-history":[{"count":3,"href":"https:\/\/www.lspap.fr\/index.php?rest_route=\/wp\/v2\/posts\/10497\/revisions"}],"predecessor-version":[{"id":10501,"href":"https:\/\/www.lspap.fr\/index.php?rest_route=\/wp\/v2\/posts\/10497\/revisions\/10501"}],"wp:attachment":[{"href":"https:\/\/www.lspap.fr\/index.php?rest_route=%2Fwp%2Fv2%2Fmedia&parent=10497"}],"wp:term":[{"taxonomy":"category","embeddable":true,"href":"https:\/\/www.lspap.fr\/index.php?rest_route=%2Fwp%2Fv2%2Fcategories&post=10497"},{"taxonomy":"post_tag","embeddable":true,"href":"https:\/\/www.lspap.fr\/index.php?rest_route=%2Fwp%2Fv2%2Ftags&post=10497"}],"curies":[{"name":"wp","href":"https:\/\/api.w.org\/{rel}","templated":true}]}}