{"id":10483,"date":"2024-02-19T12:52:23","date_gmt":"2024-02-19T11:52:23","guid":{"rendered":"http:\/\/www.lspap.fr\/?p=10483"},"modified":"2024-04-03T15:54:15","modified_gmt":"2024-04-03T14:54:15","slug":"la-grvp-la-grande-randonnee-vers-paris-dachstein-marlenheim-samedi-23-mars-2024","status":"publish","type":"post","link":"https:\/\/www.lspap.fr\/?p=10483","title":{"rendered":"La GRvP &#8211; La Grande Randonn\u00e9e vers Paris &#8211; DACHSTEIN \/ MARLENHEIM &#8211; SAMEDI 23 MARS 2024 &#8211; (1)"},"content":{"rendered":"<p>Chers membres LSPAP,<\/p>\n<p>Nous sommes en mesure de vous communiquer les informations relatives \u00e0 cet \u00e9v\u00e8nement auquel LA SANTE PAS A PAS participera le <strong>SAMEDI 23 MARS 2024.<\/strong><\/p>\n<p>A l\u2019occasion des Jeux Olympiques et Paralympiques de Paris en 2024, la FFRandonn\u00e9e, labellis\u00e9e Terre de Jeux, organise du 13 janvier au 12 mai 2024 \u00ab\u00a0La Grande Randonn\u00e9e vers Paris\u00a0\u00bb.<\/p>\n<p>Un \u00e9v\u00e9nement social, culturel, sportif et durable, <strong>gratuit et ouvert \u00e0 tous<\/strong> (sportifs de clubs et grand public). <strong>Inscription obligatoire<\/strong>.<\/p>\n<p>\u00ab\u00a0La Grande Randonn\u00e9e vers Paris\u00a0\u00bb consiste en une mobilisation du r\u00e9seau f\u00e9d\u00e9ral en faisant converger des randonneurs et des marcheurs vers Paris sur un itin\u00e9raire de plus de 10\u00a0000 km et 560 \u00e9tapes.<\/p>\n<p>Plus localement, en Alsace, le Comit\u00e9 des Territoires d\u2019Alsace traversera l\u2019Alsace (Bas-Rhin) d\u2019est en ouest pour rejoindre nos Amis Mosellans \u00e0 Dabo le 25 mars pour leur passer le t\u00e9moin et poursuivre l\u2019aventure vers Paris.<\/p>\n<p>Cinq \u00e9tapes sont pr\u00e9vues entre Haguenau et Dabo\u00a0:<\/p>\n<p><strong>Etape 1\u00a0\u00a0\u00a0\u00a0\u00a0\u00a0\u00a0\u00a0\u00a0\u00a0 <\/strong>\u00a0\u00a0\u00a0\u00a0\u00a0\u00a0\u00a0\u00a0\u00a0\u00a0\u00a0 Jeudi 21 mars\u00a0\u00a0\u00a0\u00a0\u00a0\u00a0\u00a0\u00a0\u00a0\u00a0\u00a0\u00a0\u00a0 HAGUENAU \u2013 BRUMATH<\/p>\n<p><strong>Etape 2\u00a0\u00a0\u00a0\u00a0\u00a0\u00a0\u00a0\u00a0\u00a0\u00a0 <\/strong>\u00a0\u00a0\u00a0\u00a0\u00a0\u00a0\u00a0\u00a0\u00a0\u00a0\u00a0 Vendredi 22 mars\u00a0\u00a0\u00a0\u00a0\u00a0\u00a0\u00a0\u00a0 STRASBOURG \u2013 ERNOLSHEIM-BRUCHE<\/p>\n<p><strong>Etape 3\u00a0\u00a0\u00a0\u00a0\u00a0\u00a0\u00a0\u00a0\u00a0\u00a0\u00a0\u00a0\u00a0\u00a0\u00a0\u00a0\u00a0\u00a0\u00a0\u00a0\u00a0\u00a0 <\/strong>Samedi 23 mars\u00a0\u00a0\u00a0\u00a0\u00a0\u00a0\u00a0\u00a0\u00a0\u00a0 DACHSTEIN \u2013 MARLENHEIM<\/p>\n<p><strong>Etape 4\u00a0\u00a0\u00a0\u00a0\u00a0\u00a0\u00a0\u00a0\u00a0\u00a0 <\/strong>\u00a0\u00a0\u00a0\u00a0\u00a0\u00a0\u00a0\u00a0\u00a0\u00a0\u00a0 Dimanche 24 mars\u00a0\u00a0\u00a0\u00a0\u00a0\u00a0 WASSELONNE \u2013 WANGENBOURG<\/p>\n<p><strong>Etape 5\u00a0\u00a0\u00a0\u00a0\u00a0\u00a0\u00a0\u00a0\u00a0\u00a0 <\/strong>\u00a0\u00a0\u00a0\u00a0\u00a0\u00a0\u00a0\u00a0\u00a0\u00a0\u00a0 Lundi 25 mars\u00a0\u00a0\u00a0\u00a0\u00a0\u00a0\u00a0\u00a0\u00a0\u00a0\u00a0\u00a0\u00a0 WANGENBOURG &#8211; DABO<\/p>\n<p><strong>LA SANTE PAS A PAS participera \u00e0 la troisi\u00e8me \u00e9tape de DACHSTEIN \u00e0 MARLENHEIM<\/strong><\/p>\n<p><strong>\u00a0SAMEDI 23 MARS 2024<\/strong><\/p>\n<p><strong>17 km &#8211; 175 m d\u00e9nivel\u00e9<\/strong><\/p>\n<ul>\n<li>Itin\u00e9raire\u00a0:<\/li>\n<li>D\u00e9part du complexe sportif de Dachstein \u2013 rue Jacques Pr\u00e9vert &#8211; vers 9h00.<\/li>\n<li>Avolsheim \u2013 Wolxheim \u2013 Colline du Scharrach \u2013 Scharrachbergheim.<\/li>\n<li>Arr\u00eat d\u00e9jeuner (pique-nique tir\u00e9 du sac \u00e0 la charge des participants)<br \/>\n\u00e0 la Cave du Roi Dagobert de Traenheim vers 13h30.<\/li>\n<li>Irmstett \u2013 Odratzheim.<\/li>\n<li>Marlenheim\u00a0: arriv\u00e9e vers 17h00.<\/li>\n<\/ul>\n<p>&nbsp;<\/p>\n<ul>\n<li><strong>8h15<\/strong>: <strong>d\u00e9part Parking<\/strong> rue des Floralies \u00e0 Mundolsheim en covoiturage LSPAP vers notre \u00e9tape \u00e0 Dachstein.<\/li>\n<li>A l\u2019arriv\u00e9e de l\u2019\u00e9tape \u00e0 Marlenheim, une navette minibus reconduira les chauffeurs \u00e0 leurs v\u00e9hicules, qui ensuite chercheront leurs passagers de covoiturage.<\/li>\n<li>Possibilit\u00e9 de demi-randonn\u00e9e, soit 11 km le matin de 9h00 jusqu\u2019au d\u00e9jeuner \u00e0 Traenheim vers 13h30. Navette minibus pour les chauffeurs.<\/li>\n<li>Possibilit\u00e9 d\u2019inviter vos amis, connaissances\u2026<\/li>\n<li>Il est important que LSPAP soit bien repr\u00e9sent\u00e9e, notamment pour l\u2019arriv\u00e9e \u00e0 Marlenheim.<\/li>\n<li>Participation possible \u00e0 d\u2019autres \u00e9tapes (inscription \u00e0 titre individuel).<\/li>\n<\/ul>\n<p>&nbsp;<\/p>\n<p><strong>A NOTER<\/strong><\/p>\n<p><strong>L\u2019INSCRIPTION \u00e0 cet \u00e9v\u00e8nement est OBLIGATOIRE<\/strong>. A d\u00e9faut, la collation ne pourra \u00eatre servie aux non-inscrits.<\/p>\n<p>LA SANTE PAS A PAS effectuera les inscriptions \u00e0 la journ\u00e9e du 23 mars pour ses membres, ainsi que vos invit\u00e9s, sur le site du Comit\u00e9 des Territoires d\u2019Alsace (via HelloAsso) en pr\u00e9cisant le nombre de participants et d\u2019animateurs.<\/p>\n<p>Pour une bonne organisation (inscriptions, covoiturage),<strong> nous vous demandons de <\/strong><strong>confirmer AVANT LE 10 MARS 2024 <\/strong><strong>votre inscription pour la randonn\u00e9e du 23 mars.<\/strong><\/p>\n<p><strong>Par mail\u00a0: lspapas67@gmail.com<\/strong><\/p>\n<ul>\n<li><strong>CHOIX 1\u00a0: participation \u00e0 la journ\u00e9e enti\u00e8re de randonn\u00e9e (9h \u2013 17h)<\/strong><\/li>\n<\/ul>\n<ul>\n<li><strong>CHOIX 2\u00a0: participation \u00e0 la demi-journ\u00e9e de randonn\u00e9e (9h \u2013 13h30)<\/strong><\/li>\n<\/ul>\n<p>en pr\u00e9cisant le nombre de vos invit\u00e9s et si vous souhaitez un covoiturage\u2026..<\/p>\n<ul>\n<li>Renseignements compl\u00e9mentaires sur le site\u00a0: <a href=\"https:\/\/alsace.ffrandonnee.fr\">https:\/\/alsace.ffrandonnee.fr<\/a><\/li>\n<li>Prospectus La GRvP 2024 en annexe<\/li>\n<li>Les 5 parcours sont enregistr\u00e9s sur l\u2019application gratuite \u00ab\u00a0MaRando\u00a0\u00bb de la FFRandonn\u00e9e.<\/li>\n<\/ul>\n<p>Nous vous attendons nombreux lors de cet \u00e9v\u00e9nement, notamment pour l\u2019arriv\u00e9e de l\u2019\u00e9tape \u00e0 Marlenheim. SOYEZ NOMBREUX AU DEPART.<\/p>\n<p>Sportivement,<\/p>\n<p>Le Comit\u00e9 et les Animateurs<\/p>\n<p>&nbsp;<\/p>\n<p>&nbsp;<\/p>\n","protected":false},"excerpt":{"rendered":"<p>Chers membres LSPAP, Nous sommes en mesure de vous communiquer les informations relatives \u00e0 cet \u00e9v\u00e8nement auquel LA SANTE PAS A PAS participera le SAMEDI 23 MARS 2024. A l\u2019occasion des Jeux Olympiques et Paralympiques de Paris en 2024, la&hellip; <\/p>\n","protected":false},"author":3,"featured_media":0,"comment_status":"closed","ping_status":"open","sticky":false,"template":"","format":"standard","meta":{"footnotes":""},"categories":[4],"tags":[],"class_list":["post-10483","post","type-post","status-publish","format-standard","hentry","category-evenements"],"_links":{"self":[{"href":"https:\/\/www.lspap.fr\/index.php?rest_route=\/wp\/v2\/posts\/10483","targetHints":{"allow":["GET"]}}],"collection":[{"href":"https:\/\/www.lspap.fr\/index.php?rest_route=\/wp\/v2\/posts"}],"about":[{"href":"https:\/\/www.lspap.fr\/index.php?rest_route=\/wp\/v2\/types\/post"}],"author":[{"embeddable":true,"href":"https:\/\/www.lspap.fr\/index.php?rest_route=\/wp\/v2\/users\/3"}],"replies":[{"embeddable":true,"href":"https:\/\/www.lspap.fr\/index.php?rest_route=%2Fwp%2Fv2%2Fcomments&post=10483"}],"version-history":[{"count":8,"href":"https:\/\/www.lspap.fr\/index.php?rest_route=\/wp\/v2\/posts\/10483\/revisions"}],"predecessor-version":[{"id":10534,"href":"https:\/\/www.lspap.fr\/index.php?rest_route=\/wp\/v2\/posts\/10483\/revisions\/10534"}],"wp:attachment":[{"href":"https:\/\/www.lspap.fr\/index.php?rest_route=%2Fwp%2Fv2%2Fmedia&parent=10483"}],"wp:term":[{"taxonomy":"category","embeddable":true,"href":"https:\/\/www.lspap.fr\/index.php?rest_route=%2Fwp%2Fv2%2Fcategories&post=10483"},{"taxonomy":"post_tag","embeddable":true,"href":"https:\/\/www.lspap.fr\/index.php?rest_route=%2Fwp%2Fv2%2Ftags&post=10483"}],"curies":[{"name":"wp","href":"https:\/\/api.w.org\/{rel}","templated":true}]}}