{"id":10361,"date":"2024-04-30T17:14:30","date_gmt":"2024-04-30T16:14:30","guid":{"rendered":"http:\/\/www.lspap.fr\/?p=10361"},"modified":"2024-07-03T08:31:02","modified_gmt":"2024-07-03T07:31:02","slug":"sejour-dete-jura-du-16-au-21-ou-22-juin-2024","status":"publish","type":"post","link":"https:\/\/www.lspap.fr\/?p=10361","title":{"rendered":"S\u00e9jour d&rsquo;\u00e9t\u00e9 dans le JURA &#8211; du 16 au 22 juin 2024"},"content":{"rendered":"<p>***29 participants****<br \/>\n_________________________<\/p>\n<p><span style=\"text-decoration: underline;\">Le 30 avril 2024<br \/>\n<\/span><strong>S\u00e9jour de 7 jours \/ 6 nuits &#8211;\u00a0<\/strong><strong>du 16 au 22 juin 2024 &#8211; COMPLET.<\/strong><\/p>\n<p><span style=\"text-decoration: underline;\">Le 16 d\u00e9cembre 2023<\/span><\/p>\n<p>Chers adh\u00e9rents et adh\u00e9rentes,<\/p>\n<p>Nous sommes heureux de vous proposer notre s\u00e9jour pour l\u2019\u00e9t\u00e9 prochain dans le Jura.<\/p>\n<p>Au c\u0153ur\u00a0des\u00a0Montagnes du Jura, le Village Vacances CAP FRANCE nous accueillera pour un s\u00e9jour tout confort.<\/p>\n<p>La Maison de Tr\u00e9montagne est\u00a0situ\u00e9e aux pieds de la for\u00eat communale de Pr\u00e9novel o\u00f9 vous trouverez de nombreux\u00a0sentiers de randonn\u00e9es\u00a0p\u00e9destres.<\/p>\n<p>De nombreuses activit\u00e9s sont \u00e9galement possibles\u00a0sur place ou \u00e0 proximit\u00e9\u00a0:<\/p>\n<p>Nous vous proposons un s\u00e9jour de\u00a0:<\/p>\n<p><strong><u>CHOIX 1<\/u><\/strong><\/p>\n<ul>\n<li>7 jours 6 nuits au prix de\u00a0<strong>691\u20ac<\/strong>\u00a0en chambre double\u00a0et\u00a0<strong>733\u20ac<\/strong><sup>\u00a0<\/sup>en chambre individuelle.<br \/>\n4 jours de marche et 1 journ\u00e9e libre\u00a0le mercredi<\/li>\n<\/ul>\n<p>Ou\u00a0:<\/p>\n<p><strong><u>CHOIX 2<\/u><\/strong><\/p>\n<ul>\n<li>6 jours 5 nuits au prix de\u00a0<strong>604<\/strong>\u20ac en chambre double et\u00a0<strong>639\u20ac<\/strong>\u00a0en chambre individuelle<br \/>\n4 jours de marche (sans journ\u00e9e libre)<\/li>\n<\/ul>\n<p>Remise de 5% accord\u00e9e par CAP FRANCE d\u00e9duite sur les prix ci-dessus.<\/p>\n<p>POUR LES PERSONNES INT\u00c9RESS\u00c9ES, MERCI DE NOUS EN INFORMER PAR RETOUR DE CE MAIL EN PR\u00c9CISANT VOTRE CHOIX (7 jours ou 6 jours).<\/p>\n<p>Le choix retenu sera celui de la majorit\u00e9.<\/p>\n<p>Votre s\u00e9jour comprend :<\/p>\n<ul>\n<li>La pension compl\u00e8te vin compris (quelques repas avec sp\u00e9cialit\u00e9s jurassiennes)<br \/>\n(pique nique sous forme de buffet \u00e0 emporter pour les sorties \u00e0 la journ\u00e9e.)<\/li>\n<li>L&rsquo;h\u00e9bergement en chambres doubles. Toutes les chambres sont \u00e9quip\u00e9es de douche, lavabo et w-c, draps et couvertures fournis (lits faits \u00e0 l&rsquo;arriv\u00e9e). Les linges de toilette sont fournis.<\/li>\n<li>La taxe municipale de s\u00e9jour.<\/li>\n<li>Le libre acc\u00e8s \u00e0 l\u2019espace bien-\u00eatre ainsi qu\u2019\u00e0 la piscine int\u00e9rieure pendant les horaires d\u2019ouvertures.<\/li>\n<li>L\u2019encadrement par un accompagnateur de moyenne montagne dipl\u00f4m\u00e9 d\u2019\u00e9tat<\/li>\n<li>L\u2019assurance annulation<\/li>\n<\/ul>\n<p><strong><u>PAIEMENTS<\/u><\/strong><\/p>\n<ul>\n<li>1<sup>er<\/sup>\u00a0acompte de 200 \u20ac par personne au plus tard le 15 janvier 2024<\/li>\n<li>2<sup>\u00e8me<\/sup>\u00a0acompte de 200 \u20ac par personne au plus tard le 15 mars 2024<\/li>\n<li>Solde du s\u00e9jour pour le 15 mai 2024<\/li>\n<\/ul>\n<p>Tous ces r\u00e8glements doivent \u00eatre faits par ch\u00e8que \u00e0 l&rsquo;ordre de\u00a0:<strong>\u00a0LA SANTE PAS A PAS<\/strong>\u00a0\u00e0 envoyer \u00e0\u00a0<strong>Marie Paule RUI\u00a0 11 rue de la croix des champs\u00a0 67370 STUTZHEIM<\/strong><\/p>\n<p>Vous<strong>\u00a0<\/strong>pouvez \u00e9galement payer \u00e0 l\u2019aide du RIB joint \u00e0 ce<strong>\u00a0<\/strong>courrier ou remettre le ch\u00e8que \u00e0 vos animateurs lors des s\u00e9ances hebdomadaires.<\/p>\n<p><strong><u>CONDITIONS D\u2019ANNULATION<\/u><\/strong><\/p>\n<ul>\n<li>Annulation faite avant le 15 mai 2024\u00a0 : retenue d\u2019environ 55\u20ac par personne.<\/li>\n<li>Annulation faite avant \u00a0le 31 mai\u00a0 2024 \u00a0: retenue\u00a0 d\u2019environ 150\u20ac par personne.<\/li>\n<li>Entre le 1er et le 10 juin, il sera retenu 50% du prix du s\u00e9jour.<\/li>\n<li>Annulation faite entre le 11 et le 15 juin : remboursement du montant pris en compte par l\u2019assurance si elle accepte les conditions de l\u2019annulation.<\/li>\n<li>Sinon le s\u00e9jour est d\u00fb \u00e0 l\u2019Association<\/li>\n<\/ul>\n<p><strong><u>DISPOSITIONS CONCERNANT LES D\u00c9PLACEMENTS<\/u><\/strong><\/p>\n<p>Les participants sont invit\u00e9s \u00e0 se regrouper, par affinit\u00e9, pour viser \u00e0 constituer des \u00e9quipages de 3 \u00e0 4 personnes par v\u00e9hicule. D\u00e9placement d&rsquo;environ 700 kms comprenant aller-retour+ trajets sur place. Chaque \u00e9quipage constitu\u00e9 g\u00e9rera la contribution de chacun au frais du d\u00e9placement. (Trajet A-R et trajets sur place).<\/p>\n<p>Vos animateurs.<\/p>\n<p>&nbsp;<\/p>\n<p>&nbsp;<\/p>\n","protected":false},"excerpt":{"rendered":"<p>***29 participants**** _________________________ Le 30 avril 2024 S\u00e9jour de 7 jours \/ 6 nuits &#8211;\u00a0du 16 au 22 juin 2024 &#8211; COMPLET. Le 16 d\u00e9cembre 2023 Chers adh\u00e9rents et adh\u00e9rentes, Nous sommes heureux de vous proposer notre s\u00e9jour pour l\u2019\u00e9t\u00e9&hellip; <\/p>\n","protected":false},"author":3,"featured_media":0,"comment_status":"closed","ping_status":"open","sticky":false,"template":"","format":"standard","meta":{"footnotes":""},"categories":[4],"tags":[],"class_list":["post-10361","post","type-post","status-publish","format-standard","hentry","category-evenements"],"_links":{"self":[{"href":"https:\/\/www.lspap.fr\/index.php?rest_route=\/wp\/v2\/posts\/10361","targetHints":{"allow":["GET"]}}],"collection":[{"href":"https:\/\/www.lspap.fr\/index.php?rest_route=\/wp\/v2\/posts"}],"about":[{"href":"https:\/\/www.lspap.fr\/index.php?rest_route=\/wp\/v2\/types\/post"}],"author":[{"embeddable":true,"href":"https:\/\/www.lspap.fr\/index.php?rest_route=\/wp\/v2\/users\/3"}],"replies":[{"embeddable":true,"href":"https:\/\/www.lspap.fr\/index.php?rest_route=%2Fwp%2Fv2%2Fcomments&post=10361"}],"version-history":[{"count":9,"href":"https:\/\/www.lspap.fr\/index.php?rest_route=\/wp\/v2\/posts\/10361\/revisions"}],"predecessor-version":[{"id":10956,"href":"https:\/\/www.lspap.fr\/index.php?rest_route=\/wp\/v2\/posts\/10361\/revisions\/10956"}],"wp:attachment":[{"href":"https:\/\/www.lspap.fr\/index.php?rest_route=%2Fwp%2Fv2%2Fmedia&parent=10361"}],"wp:term":[{"taxonomy":"category","embeddable":true,"href":"https:\/\/www.lspap.fr\/index.php?rest_route=%2Fwp%2Fv2%2Fcategories&post=10361"},{"taxonomy":"post_tag","embeddable":true,"href":"https:\/\/www.lspap.fr\/index.php?rest_route=%2Fwp%2Fv2%2Ftags&post=10361"}],"curies":[{"name":"wp","href":"https:\/\/api.w.org\/{rel}","templated":true}]}}